{"id":994,"date":"2021-09-24T12:11:54","date_gmt":"2021-09-24T10:11:54","guid":{"rendered":"http:\/\/cme.es\/?p=994"},"modified":"2021-10-07T16:18:14","modified_gmt":"2021-10-07T14:18:14","slug":"la-escuela-deportiva-estrena-revista","status":"publish","type":"post","link":"https:\/\/cme.es\/?p=994","title":{"rendered":"\u00a1La Escuela Deportiva estrena revista!"},"content":{"rendered":"<p><span style=\"font-size: 14pt;\">La Escuela Deportiva del club viene pisando fuerte y cargada de novedades, entre ellas, <strong>la nueva revista<\/strong> de la Escuela que hoy estrenamos y publicamos. La actualidad, los highlights semanales de cada una de las categor\u00edas, los resultados de los partidos, el 11 ideal, la cr\u00f3nica de Pedro P., entrevistas y muchas m\u00e1s secciones que iremos descubriendo en los pr\u00f3ximos n\u00fameros.<\/span><\/p>\n<p><span style=\"font-size: 14pt;\">Se trata de una edici\u00f3n, tanto impresa como online, con contenido multimedia para que no te pierdas nada y est\u00e9s informado de todo lo que pasa en esta nueva aventura de la Escuela Deportiva CME.\u00a0<\/span><\/p>\n<div id=\"dflip_post_meta_box_shortcode\" class=\"postbox \">\n<div class=\"inside\">\n<div class=\"dflip-tabs normal-tabs\">\n<div id=\"dflip-tab-content-normal\" class=\"dflip-tab-content dflip-active\"><code><div class=\"_df_book df-lite\" id=\"df_1177\"  _slug=\"1177\" data-title=\"revista-escuela-deportiva-1\" wpoptions=\"true\" thumb=\"https:\/\/cme.es\/wp-content\/uploads\/2021\/09\/WhatsApp-Image-2021-09-24-at-09.14.58.jpeg\" thumbtype=\"\" ><\/div><script class=\"df-shortcode-script\" nowprocket type=\"application\/javascript\">window.option_df_1177 = {\"outline\":[],\"autoEnableOutline\":\"false\",\"autoEnableThumbnail\":\"false\",\"overwritePDFOutline\":\"false\",\"direction\":\"1\",\"pageSize\":\"0\",\"soundEnable\":\"false\",\"source\":\"https:\\\/\\\/cme.es\\\/wp-content\\\/uploads\\\/2021\\\/09\\\/ED_CME_01_1_JUNTO.pdf\",\"wpOptions\":\"true\"}; if(window.DFLIP && window.DFLIP.parseBooks){window.DFLIP.parseBooks();}<\/script><\/code><\/div>\n<\/div>\n<\/div>\n<\/div>\n<div id=\"submitdiv\" class=\"postbox \"><\/div>\n<p>&nbsp;<\/p>\n","protected":false},"excerpt":{"rendered":"<p>La Escuela Deportiva del club viene pisando fuerte y cargada de novedades, entre ellas, la nueva revista de la Escuela que hoy estrenamos y publicamos. La actualidad, los highlights semanales&hellip;<\/p>\n","protected":false},"author":1,"featured_media":997,"comment_status":"open","ping_status":"open","sticky":false,"template":"","format":"standard","meta":{"_jetpack_newsletter_access":"","_jetpack_dont_email_post_to_subs":false,"_jetpack_newsletter_tier_id":0,"_jetpack_memberships_contains_paywalled_content":false,"_jetpack_memberships_contains_paid_content":false,"footnotes":""},"categories":[26,27],"tags":[],"class_list":["post-994","post","type-post","status-publish","format-standard","has-post-thumbnail","hentry","category-escuela-deportiva-montanero-cf","category-revista"],"jetpack_featured_media_url":"https:\/\/cme.es\/wp-content\/uploads\/2021\/09\/Dise\u00f1o-sin-t\u00edtulo-2-1.png","jetpack_sharing_enabled":true,"jetpack_shortlink":"https:\/\/wp.me\/p76rMC-g2","_links":{"self":[{"href":"https:\/\/cme.es\/index.php?rest_route=\/wp\/v2\/posts\/994","targetHints":{"allow":["GET"]}}],"collection":[{"href":"https:\/\/cme.es\/index.php?rest_route=\/wp\/v2\/posts"}],"about":[{"href":"https:\/\/cme.es\/index.php?rest_route=\/wp\/v2\/types\/post"}],"author":[{"embeddable":true,"href":"https:\/\/cme.es\/index.php?rest_route=\/wp\/v2\/users\/1"}],"replies":[{"embeddable":true,"href":"https:\/\/cme.es\/index.php?rest_route=%2Fwp%2Fv2%2Fcomments&post=994"}],"version-history":[{"count":12,"href":"https:\/\/cme.es\/index.php?rest_route=\/wp\/v2\/posts\/994\/revisions"}],"predecessor-version":[{"id":999,"href":"https:\/\/cme.es\/index.php?rest_route=\/wp\/v2\/posts\/994\/revisions\/999"}],"wp:featuredmedia":[{"embeddable":true,"href":"https:\/\/cme.es\/index.php?rest_route=\/wp\/v2\/media\/997"}],"wp:attachment":[{"href":"https:\/\/cme.es\/index.php?rest_route=%2Fwp%2Fv2%2Fmedia&parent=994"}],"wp:term":[{"taxonomy":"category","embeddable":true,"href":"https:\/\/cme.es\/index.php?rest_route=%2Fwp%2Fv2%2Fcategories&post=994"},{"taxonomy":"post_tag","embeddable":true,"href":"https:\/\/cme.es\/index.php?rest_route=%2Fwp%2Fv2%2Ftags&post=994"}],"curies":[{"name":"wp","href":"https:\/\/api.w.org\/{rel}","templated":true}]}}