{"id":2355,"date":"2026-01-14T12:55:54","date_gmt":"2026-01-14T11:55:54","guid":{"rendered":"https:\/\/cme.es\/?p=2355"},"modified":"2026-01-29T13:24:47","modified_gmt":"2026-01-29T12:24:47","slug":"la-formacion-de-las-familias-un-nuevo-proyecto-digital-del-cme","status":"publish","type":"post","link":"https:\/\/cme.es\/?p=2355","title":{"rendered":"&#8220;Sin atajos&#8221;: el nuevo proyecto formativo de CME"},"content":{"rendered":"<h4 data-start=\"1372\" data-end=\"1724\">En CME sabemos que <strong data-start=\"1391\" data-end=\"1436\">la educaci\u00f3n de los hijos no se improvisa<\/strong>. Educar hoy en d\u00eda es uno de los retos a los que se enfrentan las familias del siglo XXI. Por eso, el prop\u00f3sito de CME es <strong data-start=\"1580\" data-end=\"1650\">ayudar a las familias en la formaci\u00f3n de sus hijos mediante actividades durante el tiempo libre<\/strong>, combinando diversi\u00f3n y formaci\u00f3n.<\/h4>\n<p data-start=\"1726\" data-end=\"1938\">Con m\u00e1s de <strong data-start=\"1737\" data-end=\"1774\">70 a\u00f1os de experiencia en Granada<\/strong>, en CME sabemos que <strong data-start=\"1795\" data-end=\"1819\">hay que llegar antes<\/strong>, ofreciendo oportunidades para que los chicos crezcan en responsabilidad, solidaridad y ganen en virtudes humanas y cristianas.<\/p>\n<h3 data-start=\"1940\" data-end=\"1980\">Formaci\u00f3n pr\u00e1ctica para las familias<\/h3>\n<p data-start=\"1982\" data-end=\"2291\"><a href=\"https:\/\/cme.es\/?cat=36\"><strong data-start=\"1982\" data-end=\"2006\"><em data-start=\"1984\" data-end=\"2004\">&#8220;Sin atajos&#8221;<\/em><\/strong><\/a>\u00a0es un nuevo proyecto mensual pensado y dirigido <strong data-start=\"2044\" data-end=\"2070\">para las familias de nuestros socios y de todas las familias granadinas<\/strong>. Su objetivo es acompa\u00f1ar en la educaci\u00f3n de los hijos a trav\u00e9s de <strong data-start=\"2261\" data-end=\"2290\">un espacio formativo real <\/strong>en nuestra web.<\/p>\n<p data-start=\"2293\" data-end=\"2493\">Cada mes, un experto abordar\u00e1 un tema de actualidad relacionado con la educaci\u00f3n de los hijos, desde la paternidad, el uso del m\u00f3vil hasta la libertad y la responsabilidad. Todo ello se compartir\u00e1 en:<\/p>\n<ul data-start=\"2495\" data-end=\"2606\">\n<li data-start=\"2495\" data-end=\"2548\">\n<p data-start=\"2497\" data-end=\"2548\"><strong data-start=\"2497\" data-end=\"2510\">Instagram de CME <a href=\"http:\/\/instagram.com\/cmegranada\">(@cmegranada)<\/a><\/strong>, en formato v\u00eddeo breve y accesible del experto.<\/p>\n<\/li>\n<li data-start=\"2549\" data-end=\"2606\">\n<p data-start=\"2551\" data-end=\"2606\"><strong data-start=\"2551\" data-end=\"2565\">Web de CME<\/strong>, para poder profundizar sobre el tema tratado. <a href=\"https:\/\/cme.es\/?cat=36\">Puedes acceder desde aqu\u00ed<\/a><\/p>\n<\/li>\n<\/ul>\n<h3 data-start=\"2608\" data-end=\"2644\">Educaci\u00f3n que se vive en el club<\/h3>\n<p data-start=\"2646\" data-end=\"2922\">En CME, <strong data-start=\"2654\" data-end=\"2699\">todas nuestras actividades son formativas<\/strong>: cada actividad de los viernes, cada convivencia, cada plan, la escuela deportiva, voluntariado es una oportunidad para que los chicos crezcan, aprendan virtudes y desarrollen virtudes para la vida.<\/p>\n<p data-start=\"2924\" data-end=\"3089\">Este proyecto nace para <strong data-start=\"2948\" data-end=\"2984\">acompa\u00f1ar tambi\u00e9n a las familias<\/strong>, ofreciendo orientaci\u00f3n pr\u00e1ctica y reflexiones que ayuden a educar mejor a sus hijos en su tiempo libre.<\/p>\n<h3 data-start=\"3091\" data-end=\"3134\">La familia, pieza clave de la educaci\u00f3n<\/h3>\n<p data-start=\"3136\" data-end=\"3407\">En CME tenemos claro que la familia es <strong data-start=\"3175\" data-end=\"3195\">la clave de todo<\/strong>. Por eso, este nuevo espacio formativo quiere convertirse en un recurso digital \u00fatil para padres, ofreciendo contenidos que ayuden a acompa\u00f1ar en la educaci\u00f3n de sus hijos y a afrontar los retos educativos a los que nos enfrentamos. De modo que se abra una ventana formativa tanto en Instagram como en la web.<\/p>\n<p data-start=\"3585\" data-end=\"3628\">\n","protected":false},"excerpt":{"rendered":"<p>En CME sabemos que la educaci\u00f3n de los hijos no se improvisa. Educar hoy en d\u00eda es uno de los retos a los que se enfrentan las familias del siglo&hellip;<\/p>\n","protected":false},"author":1,"featured_media":2379,"comment_status":"closed","ping_status":"open","sticky":false,"template":"","format":"standard","meta":{"_jetpack_newsletter_access":"","_jetpack_dont_email_post_to_subs":false,"_jetpack_newsletter_tier_id":0,"_jetpack_memberships_contains_paywalled_content":false,"_jetpack_memberships_contains_paid_content":false,"footnotes":""},"categories":[36,7],"tags":[],"class_list":["post-2355","post","type-post","status-publish","format-standard","has-post-thumbnail","hentry","category-formacion","category-padres"],"jetpack_featured_media_url":"https:\/\/cme.es\/wp-content\/uploads\/2026\/01\/IMG_2119.jpeg","jetpack_sharing_enabled":true,"jetpack_shortlink":"https:\/\/wp.me\/p76rMC-BZ","_links":{"self":[{"href":"https:\/\/cme.es\/index.php?rest_route=\/wp\/v2\/posts\/2355","targetHints":{"allow":["GET"]}}],"collection":[{"href":"https:\/\/cme.es\/index.php?rest_route=\/wp\/v2\/posts"}],"about":[{"href":"https:\/\/cme.es\/index.php?rest_route=\/wp\/v2\/types\/post"}],"author":[{"embeddable":true,"href":"https:\/\/cme.es\/index.php?rest_route=\/wp\/v2\/users\/1"}],"replies":[{"embeddable":true,"href":"https:\/\/cme.es\/index.php?rest_route=%2Fwp%2Fv2%2Fcomments&post=2355"}],"version-history":[{"count":7,"href":"https:\/\/cme.es\/index.php?rest_route=\/wp\/v2\/posts\/2355\/revisions"}],"predecessor-version":[{"id":2383,"href":"https:\/\/cme.es\/index.php?rest_route=\/wp\/v2\/posts\/2355\/revisions\/2383"}],"wp:featuredmedia":[{"embeddable":true,"href":"https:\/\/cme.es\/index.php?rest_route=\/wp\/v2\/media\/2379"}],"wp:attachment":[{"href":"https:\/\/cme.es\/index.php?rest_route=%2Fwp%2Fv2%2Fmedia&parent=2355"}],"wp:term":[{"taxonomy":"category","embeddable":true,"href":"https:\/\/cme.es\/index.php?rest_route=%2Fwp%2Fv2%2Fcategories&post=2355"},{"taxonomy":"post_tag","embeddable":true,"href":"https:\/\/cme.es\/index.php?rest_route=%2Fwp%2Fv2%2Ftags&post=2355"}],"curies":[{"name":"wp","href":"https:\/\/api.w.org\/{rel}","templated":true}]}}