{"id":2314,"date":"2025-08-20T13:59:17","date_gmt":"2025-08-20T11:59:17","guid":{"rendered":"https:\/\/cme.es\/?p=2314"},"modified":"2025-08-20T14:00:39","modified_gmt":"2025-08-20T12:00:39","slug":"arranca-la-temporada-2025-26-de-montanero-cf","status":"publish","type":"post","link":"https:\/\/cme.es\/?p=2314","title":{"rendered":"Arranca la temporada 2025\/26 de MONTA\u00d1ERO CF"},"content":{"rendered":"<p data-start=\"483\" data-end=\"812\"><span style=\"font-size: 14pt;\">En Monta\u00f1ero CF damos comienzo a una nueva temporada con mucha ilusi\u00f3n y con una gran novedad: este curso entrenaremos en las instalaciones del <strong data-start=\"651\" data-end=\"671\">\u00c1gora We Granada<\/strong>, un acuerdo que supone un paso adelante muy importante para nuestro club y que sin duda beneficiar\u00e1 a todos nuestros jugadores y familias.<\/span><\/p>\n<p data-start=\"814\" data-end=\"1239\"><span style=\"font-size: 14pt;\">Con esta mejora, queremos seguir cuidando al m\u00e1ximo la experiencia de cada chico que forma parte de Monta\u00f1ero CF, convencidos de que el deporte es mucho m\u00e1s que entrenamiento y competici\u00f3n. En nuestra escuela entendemos <strong data-start=\"1034\" data-end=\"1106\">el deporte y el estudio como medios de formaci\u00f3n integral de tu hijo<\/strong>, un camino que ayuda a crecer en esfuerzo, honradez, solidaridad y trabajo en equipo, siempre en un ambiente cristiano y familiar.<\/span><\/p>\n<p data-start=\"1241\" data-end=\"1528\"><span style=\"font-size: 14pt;\">Las <strong data-start=\"1245\" data-end=\"1310\">jornadas de captaci\u00f3n y entrenamientos de inicio de temporada<\/strong> comenzar\u00e1n el pr\u00f3ximo 1 de septiembre. Invitamos a todos los chicos de entre 10 y 18 a\u00f1os a sumarse a Monta\u00f1ero CF y vivir una experiencia deportiva y educativa diferente, en la que la amistad y la formaci\u00f3n personal ocupan el centro.<\/span><\/p>\n<p data-start=\"1530\" data-end=\"1803\"><span style=\"font-size: 14pt;\">Un a\u00f1o m\u00e1s, contamos con el respaldo de <strong>\u00d3mibu<\/strong>, la <strong data-start=\"1573\" data-end=\"1605\">Fundaci\u00f3n Cultura y Sociedad<\/strong> y con la colaboraci\u00f3n de la <strong data-start=\"1634\" data-end=\"1694\">Consejer\u00eda de Cultura y Deporte de la Junta de Andaluc\u00eda<\/strong>, que siguen apostando por nuestra escuela de f\u00fatbol como un proyecto que une deporte, formaci\u00f3n y valores.<\/span><\/p>\n<p data-start=\"1805\" data-end=\"1999\"><span style=\"font-size: 14pt;\">La temporada 2025\/2026 comienza con fuerzas renovadas y con el deseo de que muchos j\u00f3venes puedan descubrir en Monta\u00f1ero CF un lugar donde crecer como deportistas y, sobre todo, como personas.<\/span><\/p>\n<p data-start=\"1805\" data-end=\"1999\"><strong><span style=\"font-size: 14pt;\">Consulta las fechas aqu\u00ed:<\/span><\/strong><\/p>\n<p data-start=\"1805\" data-end=\"1999\"><img fetchpriority=\"high\" decoding=\"async\" class=\"aligncenter wp-image-2315\" src=\"https:\/\/cme.es\/wp-content\/uploads\/2025\/08\/CAPTACIONES-202526-MONTANERO-CF-724x1024.jpg\" alt=\"\" width=\"456\" height=\"645\" srcset=\"https:\/\/cme.es\/wp-content\/uploads\/2025\/08\/CAPTACIONES-202526-MONTANERO-CF-724x1024.jpg 724w, https:\/\/cme.es\/wp-content\/uploads\/2025\/08\/CAPTACIONES-202526-MONTANERO-CF-212x300.jpg 212w, https:\/\/cme.es\/wp-content\/uploads\/2025\/08\/CAPTACIONES-202526-MONTANERO-CF-768x1086.jpg 768w, https:\/\/cme.es\/wp-content\/uploads\/2025\/08\/CAPTACIONES-202526-MONTANERO-CF-1086x1536.jpg 1086w, https:\/\/cme.es\/wp-content\/uploads\/2025\/08\/CAPTACIONES-202526-MONTANERO-CF.jpg 1414w\" sizes=\"(max-width: 456px) 100vw, 456px\" \/><\/p>\n<p data-start=\"1805\" data-end=\"1999\"><img decoding=\"async\" class=\"aligncenter wp-image-2316\" src=\"https:\/\/cme.es\/wp-content\/uploads\/2025\/08\/CAPTACIONES-202526-MONTANERO-CF-1-724x1024.jpg\" alt=\"\" width=\"452\" height=\"640\" srcset=\"https:\/\/cme.es\/wp-content\/uploads\/2025\/08\/CAPTACIONES-202526-MONTANERO-CF-1-724x1024.jpg 724w, https:\/\/cme.es\/wp-content\/uploads\/2025\/08\/CAPTACIONES-202526-MONTANERO-CF-1-212x300.jpg 212w, https:\/\/cme.es\/wp-content\/uploads\/2025\/08\/CAPTACIONES-202526-MONTANERO-CF-1-768x1086.jpg 768w, https:\/\/cme.es\/wp-content\/uploads\/2025\/08\/CAPTACIONES-202526-MONTANERO-CF-1-1086x1536.jpg 1086w, https:\/\/cme.es\/wp-content\/uploads\/2025\/08\/CAPTACIONES-202526-MONTANERO-CF-1.jpg 1414w\" sizes=\"(max-width: 452px) 100vw, 452px\" \/><\/p>\n","protected":false},"excerpt":{"rendered":"<p>En Monta\u00f1ero CF damos comienzo a una nueva temporada con mucha ilusi\u00f3n y con una gran novedad: este curso entrenaremos en las instalaciones del \u00c1gora We Granada, un acuerdo que&hellip;<\/p>\n","protected":false},"author":1,"featured_media":2103,"comment_status":"closed","ping_status":"open","sticky":false,"template":"","format":"standard","meta":{"_jetpack_newsletter_access":"","_jetpack_dont_email_post_to_subs":false,"_jetpack_newsletter_tier_id":0,"_jetpack_memberships_contains_paywalled_content":false,"_jetpack_memberships_contains_paid_content":false,"footnotes":""},"categories":[26],"tags":[],"class_list":["post-2314","post","type-post","status-publish","format-standard","has-post-thumbnail","hentry","category-escuela-deportiva-montanero-cf"],"jetpack_featured_media_url":"https:\/\/cme.es\/wp-content\/uploads\/2023\/06\/PORTADAS-WEB-REVISTA-ED-15.png","jetpack_sharing_enabled":true,"jetpack_shortlink":"https:\/\/wp.me\/p76rMC-Bk","_links":{"self":[{"href":"https:\/\/cme.es\/index.php?rest_route=\/wp\/v2\/posts\/2314","targetHints":{"allow":["GET"]}}],"collection":[{"href":"https:\/\/cme.es\/index.php?rest_route=\/wp\/v2\/posts"}],"about":[{"href":"https:\/\/cme.es\/index.php?rest_route=\/wp\/v2\/types\/post"}],"author":[{"embeddable":true,"href":"https:\/\/cme.es\/index.php?rest_route=\/wp\/v2\/users\/1"}],"replies":[{"embeddable":true,"href":"https:\/\/cme.es\/index.php?rest_route=%2Fwp%2Fv2%2Fcomments&post=2314"}],"version-history":[{"count":2,"href":"https:\/\/cme.es\/index.php?rest_route=\/wp\/v2\/posts\/2314\/revisions"}],"predecessor-version":[{"id":2318,"href":"https:\/\/cme.es\/index.php?rest_route=\/wp\/v2\/posts\/2314\/revisions\/2318"}],"wp:featuredmedia":[{"embeddable":true,"href":"https:\/\/cme.es\/index.php?rest_route=\/wp\/v2\/media\/2103"}],"wp:attachment":[{"href":"https:\/\/cme.es\/index.php?rest_route=%2Fwp%2Fv2%2Fmedia&parent=2314"}],"wp:term":[{"taxonomy":"category","embeddable":true,"href":"https:\/\/cme.es\/index.php?rest_route=%2Fwp%2Fv2%2Fcategories&post=2314"},{"taxonomy":"post_tag","embeddable":true,"href":"https:\/\/cme.es\/index.php?rest_route=%2Fwp%2Fv2%2Ftags&post=2314"}],"curies":[{"name":"wp","href":"https:\/\/api.w.org\/{rel}","templated":true}]}}