{"id":1800,"date":"2022-06-07T19:05:06","date_gmt":"2022-06-07T17:05:06","guid":{"rendered":"https:\/\/cme.es\/?p=1800"},"modified":"2022-06-07T19:05:06","modified_gmt":"2022-06-07T17:05:06","slug":"pruebas-de-seleccion-junio-2022","status":"publish","type":"post","link":"https:\/\/cme.es\/?p=1800","title":{"rendered":"PRUEBAS DE SELECCI\u00d3N JUNIO 2022"},"content":{"rendered":"<p><span style=\"font-size: 14pt;\">Hemos terminado con \u00e9xito la temporada 21-22 de f\u00fatbol y estamos muy contentos con el resultado.\u00a0<\/span><\/p>\n<p><span style=\"font-size: 14pt;\">El pr\u00f3ximo curso, contaremos tambi\u00e9n con\u00a0<strong>Escuela Deportiva Monta\u00f1ero, <\/strong>y es por ello que ya <strong>han comenzado las pruebas de selecci\u00f3n y entrenamientos<\/strong> de cara a la pr\u00f3xima temporada: conocer al entrenador, conocer a los\u00a0 nuevos compa\u00f1eros, as\u00ed como hacer nuevos fichajes de j\u00f3venes granadinos dispuestos a portar el escudo y los colores de CME; en las categor\u00edas de <strong>alevines, infantiles y cadetes.<\/strong><\/span><\/p>\n<p><span style=\"font-size: 14pt;\">Este pasado lunes -y todos los lunes y mi\u00e9rcoles de junio (salvo alg\u00fan cambio)- tendremos estos &#8220;entrenamientos abiertos&#8221; de 19 a 20h (alevines e infantiles) y de 20h a 21h (cadetes) en el Cerrillo de Maracena. Acudieron un nutrido grupo de chavales a interesarse por nuestra Escuela Deportiva<\/span><\/p>\n<p><span style=\"font-size: 14pt;\">La Escuela Deportiva naci\u00f3 con la idea de compaginar\u00a0<strong>F\u00daTBOL+ESTUDIO+FORMACI\u00d3N EN VALORES.\u00a0<\/strong>Ese era el objetivo y lo hemos cumplido.\u00a0<\/span><\/p>\n<p><span style=\"font-size: 14pt;\"><strong>Si tienes dudas, contacta con nosotros: cmegranda@gmail.com. \u00a1Estaremos encantados de tenerte en el equipo!<\/strong><\/span><\/p>\n<p><img fetchpriority=\"high\" decoding=\"async\" class=\"aligncenter size-large wp-image-1801\" src=\"https:\/\/cme.es\/wp-content\/uploads\/2022\/06\/WhatsApp-Image-2022-06-07-at-11.26.26-AM-1-1024x768.jpeg\" alt=\"\" width=\"1024\" height=\"768\" srcset=\"https:\/\/cme.es\/wp-content\/uploads\/2022\/06\/WhatsApp-Image-2022-06-07-at-11.26.26-AM-1-1024x768.jpeg 1024w, https:\/\/cme.es\/wp-content\/uploads\/2022\/06\/WhatsApp-Image-2022-06-07-at-11.26.26-AM-1-300x225.jpeg 300w, https:\/\/cme.es\/wp-content\/uploads\/2022\/06\/WhatsApp-Image-2022-06-07-at-11.26.26-AM-1-768x576.jpeg 768w, https:\/\/cme.es\/wp-content\/uploads\/2022\/06\/WhatsApp-Image-2022-06-07-at-11.26.26-AM-1-1536x1152.jpeg 1536w, https:\/\/cme.es\/wp-content\/uploads\/2022\/06\/WhatsApp-Image-2022-06-07-at-11.26.26-AM-1-400x300.jpeg 400w, https:\/\/cme.es\/wp-content\/uploads\/2022\/06\/WhatsApp-Image-2022-06-07-at-11.26.26-AM-1-800x600.jpeg 800w, https:\/\/cme.es\/wp-content\/uploads\/2022\/06\/WhatsApp-Image-2022-06-07-at-11.26.26-AM-1.jpeg 2048w\" sizes=\"(max-width: 1024px) 100vw, 1024px\" \/><\/p>\n","protected":false},"excerpt":{"rendered":"<p>Hemos terminado con \u00e9xito la temporada 21-22 de f\u00fatbol y estamos muy contentos con el resultado.\u00a0 El pr\u00f3ximo curso, contaremos tambi\u00e9n con\u00a0Escuela Deportiva Monta\u00f1ero, y es por ello que ya&hellip;<\/p>\n","protected":false},"author":1,"featured_media":1801,"comment_status":"open","ping_status":"open","sticky":false,"template":"","format":"standard","meta":{"_jetpack_newsletter_access":"","_jetpack_dont_email_post_to_subs":false,"_jetpack_newsletter_tier_id":0,"_jetpack_memberships_contains_paywalled_content":false,"_jetpack_memberships_contains_paid_content":false,"footnotes":""},"categories":[5,26],"tags":[],"class_list":["post-1800","post","type-post","status-publish","format-standard","has-post-thumbnail","hentry","category-club-juvenil","category-escuela-deportiva-montanero-cf"],"jetpack_featured_media_url":"https:\/\/cme.es\/wp-content\/uploads\/2022\/06\/WhatsApp-Image-2022-06-07-at-11.26.26-AM-1.jpeg","jetpack_sharing_enabled":true,"jetpack_shortlink":"https:\/\/wp.me\/p76rMC-t2","_links":{"self":[{"href":"https:\/\/cme.es\/index.php?rest_route=\/wp\/v2\/posts\/1800","targetHints":{"allow":["GET"]}}],"collection":[{"href":"https:\/\/cme.es\/index.php?rest_route=\/wp\/v2\/posts"}],"about":[{"href":"https:\/\/cme.es\/index.php?rest_route=\/wp\/v2\/types\/post"}],"author":[{"embeddable":true,"href":"https:\/\/cme.es\/index.php?rest_route=\/wp\/v2\/users\/1"}],"replies":[{"embeddable":true,"href":"https:\/\/cme.es\/index.php?rest_route=%2Fwp%2Fv2%2Fcomments&post=1800"}],"version-history":[{"count":1,"href":"https:\/\/cme.es\/index.php?rest_route=\/wp\/v2\/posts\/1800\/revisions"}],"predecessor-version":[{"id":1802,"href":"https:\/\/cme.es\/index.php?rest_route=\/wp\/v2\/posts\/1800\/revisions\/1802"}],"wp:featuredmedia":[{"embeddable":true,"href":"https:\/\/cme.es\/index.php?rest_route=\/wp\/v2\/media\/1801"}],"wp:attachment":[{"href":"https:\/\/cme.es\/index.php?rest_route=%2Fwp%2Fv2%2Fmedia&parent=1800"}],"wp:term":[{"taxonomy":"category","embeddable":true,"href":"https:\/\/cme.es\/index.php?rest_route=%2Fwp%2Fv2%2Fcategories&post=1800"},{"taxonomy":"post_tag","embeddable":true,"href":"https:\/\/cme.es\/index.php?rest_route=%2Fwp%2Fv2%2Ftags&post=1800"}],"curies":[{"name":"wp","href":"https:\/\/api.w.org\/{rel}","templated":true}]}}