{"id":1771,"date":"2022-05-18T19:31:01","date_gmt":"2022-05-18T17:31:01","guid":{"rendered":"https:\/\/cme.es\/?p=1771"},"modified":"2022-05-18T19:31:01","modified_gmt":"2022-05-18T17:31:01","slug":"inauguramos-la-temporada-de-barbacoas","status":"publish","type":"post","link":"https:\/\/cme.es\/?p=1771","title":{"rendered":"INAUGURAMOS LA TEMPORADA DE BARBACOAS"},"content":{"rendered":"<p><span style=\"font-size: 14pt;\">Lleg\u00f3 el mes de mayo, el calor&#8230; y un a\u00f1o m\u00e1s llegan las barbacoas de los s\u00e1bados en Otura.\u00a0<\/span><\/p>\n<p><span style=\"font-size: 14pt;\">Los de 2\u00ba y 3\u00ba ESO y los mayores inauguraron\u00a0 la temporada de barbacoas este pasado s\u00e1bado por la tarde. Comenzamos con la tradicional meditaci\u00f3n, en este caso, a los pies de la Virgen de Otura dirigida por D. Jorge. <\/span><\/p>\n<p><span style=\"font-size: 14pt;\">Despu\u00e9s piscina, deporte, amigos, buena barbacoa&#8230; \u00bfqu\u00e9 m\u00e1s se puede pedir?\u00a0<\/span><\/p>\n<p><img fetchpriority=\"high\" decoding=\"async\" class=\"aligncenter size-large wp-image-1772\" src=\"https:\/\/cme.es\/wp-content\/uploads\/2022\/05\/WhatsApp-Image-2022-05-18-at-7.28.34-PM-1-1024x768.jpeg\" alt=\"\" width=\"1024\" height=\"768\" srcset=\"https:\/\/cme.es\/wp-content\/uploads\/2022\/05\/WhatsApp-Image-2022-05-18-at-7.28.34-PM-1-1024x768.jpeg 1024w, https:\/\/cme.es\/wp-content\/uploads\/2022\/05\/WhatsApp-Image-2022-05-18-at-7.28.34-PM-1-300x225.jpeg 300w, https:\/\/cme.es\/wp-content\/uploads\/2022\/05\/WhatsApp-Image-2022-05-18-at-7.28.34-PM-1-768x576.jpeg 768w, https:\/\/cme.es\/wp-content\/uploads\/2022\/05\/WhatsApp-Image-2022-05-18-at-7.28.34-PM-1-1536x1152.jpeg 1536w, https:\/\/cme.es\/wp-content\/uploads\/2022\/05\/WhatsApp-Image-2022-05-18-at-7.28.34-PM-1-400x300.jpeg 400w, https:\/\/cme.es\/wp-content\/uploads\/2022\/05\/WhatsApp-Image-2022-05-18-at-7.28.34-PM-1-800x600.jpeg 800w, https:\/\/cme.es\/wp-content\/uploads\/2022\/05\/WhatsApp-Image-2022-05-18-at-7.28.34-PM-1.jpeg 2048w\" sizes=\"(max-width: 1024px) 100vw, 1024px\" \/><\/p>\n<p><img decoding=\"async\" class=\"aligncenter size-large wp-image-1773\" src=\"https:\/\/cme.es\/wp-content\/uploads\/2022\/05\/WhatsApp-Image-2022-05-18-at-7.28.34-PM-1024x768.jpeg\" alt=\"\" width=\"1024\" height=\"768\" srcset=\"https:\/\/cme.es\/wp-content\/uploads\/2022\/05\/WhatsApp-Image-2022-05-18-at-7.28.34-PM-1024x768.jpeg 1024w, https:\/\/cme.es\/wp-content\/uploads\/2022\/05\/WhatsApp-Image-2022-05-18-at-7.28.34-PM-300x225.jpeg 300w, https:\/\/cme.es\/wp-content\/uploads\/2022\/05\/WhatsApp-Image-2022-05-18-at-7.28.34-PM-768x576.jpeg 768w, https:\/\/cme.es\/wp-content\/uploads\/2022\/05\/WhatsApp-Image-2022-05-18-at-7.28.34-PM-1536x1152.jpeg 1536w, https:\/\/cme.es\/wp-content\/uploads\/2022\/05\/WhatsApp-Image-2022-05-18-at-7.28.34-PM-400x300.jpeg 400w, https:\/\/cme.es\/wp-content\/uploads\/2022\/05\/WhatsApp-Image-2022-05-18-at-7.28.34-PM-800x600.jpeg 800w, https:\/\/cme.es\/wp-content\/uploads\/2022\/05\/WhatsApp-Image-2022-05-18-at-7.28.34-PM.jpeg 2048w\" sizes=\"(max-width: 1024px) 100vw, 1024px\" \/><\/p>\n<p><img decoding=\"async\" class=\"aligncenter size-large wp-image-1774\" src=\"https:\/\/cme.es\/wp-content\/uploads\/2022\/05\/WhatsApp-Image-2022-05-18-at-7.28.33-PM-1024x576.jpeg\" alt=\"\" width=\"1024\" height=\"576\" srcset=\"https:\/\/cme.es\/wp-content\/uploads\/2022\/05\/WhatsApp-Image-2022-05-18-at-7.28.33-PM-1024x576.jpeg 1024w, https:\/\/cme.es\/wp-content\/uploads\/2022\/05\/WhatsApp-Image-2022-05-18-at-7.28.33-PM-300x169.jpeg 300w, https:\/\/cme.es\/wp-content\/uploads\/2022\/05\/WhatsApp-Image-2022-05-18-at-7.28.33-PM-768x432.jpeg 768w, https:\/\/cme.es\/wp-content\/uploads\/2022\/05\/WhatsApp-Image-2022-05-18-at-7.28.33-PM-1536x864.jpeg 1536w, https:\/\/cme.es\/wp-content\/uploads\/2022\/05\/WhatsApp-Image-2022-05-18-at-7.28.33-PM-400x225.jpeg 400w, https:\/\/cme.es\/wp-content\/uploads\/2022\/05\/WhatsApp-Image-2022-05-18-at-7.28.33-PM-1067x600.jpeg 1067w, https:\/\/cme.es\/wp-content\/uploads\/2022\/05\/WhatsApp-Image-2022-05-18-at-7.28.33-PM.jpeg 1600w\" sizes=\"(max-width: 1024px) 100vw, 1024px\" \/><\/p>\n","protected":false},"excerpt":{"rendered":"<p>Lleg\u00f3 el mes de mayo, el calor&#8230; y un a\u00f1o m\u00e1s llegan las barbacoas de los s\u00e1bados en Otura.\u00a0 Los de 2\u00ba y 3\u00ba ESO y los mayores inauguraron\u00a0 la&hellip;<\/p>\n","protected":false},"author":1,"featured_media":1774,"comment_status":"open","ping_status":"open","sticky":false,"template":"","format":"standard","meta":{"_jetpack_newsletter_access":"","_jetpack_dont_email_post_to_subs":false,"_jetpack_newsletter_tier_id":0,"_jetpack_memberships_contains_paywalled_content":false,"_jetpack_memberships_contains_paid_content":false,"footnotes":""},"categories":[5,6,13],"tags":[],"class_list":["post-1771","post","type-post","status-publish","format-standard","has-post-thumbnail","hentry","category-club-juvenil","category-mayores","category-nivel-4"],"jetpack_featured_media_url":"https:\/\/cme.es\/wp-content\/uploads\/2022\/05\/WhatsApp-Image-2022-05-18-at-7.28.33-PM.jpeg","jetpack_sharing_enabled":true,"jetpack_shortlink":"https:\/\/wp.me\/p76rMC-sz","_links":{"self":[{"href":"https:\/\/cme.es\/index.php?rest_route=\/wp\/v2\/posts\/1771","targetHints":{"allow":["GET"]}}],"collection":[{"href":"https:\/\/cme.es\/index.php?rest_route=\/wp\/v2\/posts"}],"about":[{"href":"https:\/\/cme.es\/index.php?rest_route=\/wp\/v2\/types\/post"}],"author":[{"embeddable":true,"href":"https:\/\/cme.es\/index.php?rest_route=\/wp\/v2\/users\/1"}],"replies":[{"embeddable":true,"href":"https:\/\/cme.es\/index.php?rest_route=%2Fwp%2Fv2%2Fcomments&post=1771"}],"version-history":[{"count":1,"href":"https:\/\/cme.es\/index.php?rest_route=\/wp\/v2\/posts\/1771\/revisions"}],"predecessor-version":[{"id":1775,"href":"https:\/\/cme.es\/index.php?rest_route=\/wp\/v2\/posts\/1771\/revisions\/1775"}],"wp:featuredmedia":[{"embeddable":true,"href":"https:\/\/cme.es\/index.php?rest_route=\/wp\/v2\/media\/1774"}],"wp:attachment":[{"href":"https:\/\/cme.es\/index.php?rest_route=%2Fwp%2Fv2%2Fmedia&parent=1771"}],"wp:term":[{"taxonomy":"category","embeddable":true,"href":"https:\/\/cme.es\/index.php?rest_route=%2Fwp%2Fv2%2Fcategories&post=1771"},{"taxonomy":"post_tag","embeddable":true,"href":"https:\/\/cme.es\/index.php?rest_route=%2Fwp%2Fv2%2Ftags&post=1771"}],"curies":[{"name":"wp","href":"https:\/\/api.w.org\/{rel}","templated":true}]}}