{"id":1696,"date":"2022-03-25T12:58:24","date_gmt":"2022-03-25T11:58:24","guid":{"rendered":"https:\/\/cme.es\/?p=1696"},"modified":"2022-03-25T12:59:49","modified_gmt":"2022-03-25T11:59:49","slug":"bendicion-eucaristica-por-la-paz","status":"publish","type":"post","link":"https:\/\/cme.es\/?p=1696","title":{"rendered":"Bendici\u00f3n Eucar\u00edstica por la paz"},"content":{"rendered":"<p><span style=\"font-size: 14pt;\">Queridas familias:<\/span><\/p>\n<p><span style=\"font-size: 14pt;\">Queremos invitaros a la <strong>BENDICI\u00d3N EUCAR\u00cdSTICA POR LA PAZ<\/strong> que tendr\u00e1 lugar esta tarde,\u00a0<strong>25 de marzo, de<\/strong> <strong>20:30h a 20:50h<\/strong> en <strong>CME <\/strong>para unirnos al <em>Solemne Acto de Consagraci\u00f3n de la humanidad, particularmente de Rusia y de Ucrania, al Coraz\u00f3n Inmaculado de Mar\u00eda<\/em> que realizar\u00e1 el Papa Francisco esta misma tarde.\u00a0<\/span><\/p>\n<p><span style=\"font-size: 14pt;\">Pod\u00e9is leer el texto de la oraci\u00f3n que recitar\u00e1 el Papa <strong><a href=\"https:\/\/opusdei.org\/es-es\/article\/consagracion-corazon-inmaculado-maria-paz-mundo\/\">pulsando aqu\u00ed<\/a><\/strong><\/span><\/p>\n<p><span style=\"font-size: 14pt;\">Est\u00e1is todos invitados a venir<\/span><\/p>\n<p><img fetchpriority=\"high\" decoding=\"async\" class=\"aligncenter size-large wp-image-1697\" src=\"https:\/\/cme.es\/wp-content\/uploads\/2022\/03\/Anadir-un-titulo-10-1024x1024.png\" alt=\"\" width=\"1024\" height=\"1024\" srcset=\"https:\/\/cme.es\/wp-content\/uploads\/2022\/03\/Anadir-un-titulo-10-1024x1024.png 1024w, https:\/\/cme.es\/wp-content\/uploads\/2022\/03\/Anadir-un-titulo-10-300x300.png 300w, https:\/\/cme.es\/wp-content\/uploads\/2022\/03\/Anadir-un-titulo-10-150x150.png 150w, https:\/\/cme.es\/wp-content\/uploads\/2022\/03\/Anadir-un-titulo-10-768x768.png 768w, https:\/\/cme.es\/wp-content\/uploads\/2022\/03\/Anadir-un-titulo-10-500x500.png 500w, https:\/\/cme.es\/wp-content\/uploads\/2022\/03\/Anadir-un-titulo-10-400x400.png 400w, https:\/\/cme.es\/wp-content\/uploads\/2022\/03\/Anadir-un-titulo-10-130x130.png 130w, https:\/\/cme.es\/wp-content\/uploads\/2022\/03\/Anadir-un-titulo-10-600x600.png 600w, https:\/\/cme.es\/wp-content\/uploads\/2022\/03\/Anadir-un-titulo-10.png 1080w\" sizes=\"(max-width: 1024px) 100vw, 1024px\" \/><\/p>\n<p>&nbsp;<\/p>\n","protected":false},"excerpt":{"rendered":"<p>Queridas familias: Queremos invitaros a la BENDICI\u00d3N EUCAR\u00cdSTICA POR LA PAZ que tendr\u00e1 lugar esta tarde,\u00a025 de marzo, de 20:30h a 20:50h en CME para unirnos al Solemne Acto de&hellip;<\/p>\n","protected":false},"author":1,"featured_media":1697,"comment_status":"open","ping_status":"open","sticky":false,"template":"","format":"standard","meta":{"_jetpack_newsletter_access":"","_jetpack_dont_email_post_to_subs":false,"_jetpack_newsletter_tier_id":0,"_jetpack_memberships_contains_paywalled_content":false,"_jetpack_memberships_contains_paid_content":false,"footnotes":""},"categories":[5,31,7],"tags":[],"class_list":["post-1696","post","type-post","status-publish","format-standard","has-post-thumbnail","hentry","category-club-juvenil","category-formacion-cristiana","category-padres"],"jetpack_featured_media_url":"https:\/\/cme.es\/wp-content\/uploads\/2022\/03\/Anadir-un-titulo-10.png","jetpack_sharing_enabled":true,"jetpack_shortlink":"https:\/\/wp.me\/p76rMC-rm","_links":{"self":[{"href":"https:\/\/cme.es\/index.php?rest_route=\/wp\/v2\/posts\/1696","targetHints":{"allow":["GET"]}}],"collection":[{"href":"https:\/\/cme.es\/index.php?rest_route=\/wp\/v2\/posts"}],"about":[{"href":"https:\/\/cme.es\/index.php?rest_route=\/wp\/v2\/types\/post"}],"author":[{"embeddable":true,"href":"https:\/\/cme.es\/index.php?rest_route=\/wp\/v2\/users\/1"}],"replies":[{"embeddable":true,"href":"https:\/\/cme.es\/index.php?rest_route=%2Fwp%2Fv2%2Fcomments&post=1696"}],"version-history":[{"count":2,"href":"https:\/\/cme.es\/index.php?rest_route=\/wp\/v2\/posts\/1696\/revisions"}],"predecessor-version":[{"id":1699,"href":"https:\/\/cme.es\/index.php?rest_route=\/wp\/v2\/posts\/1696\/revisions\/1699"}],"wp:featuredmedia":[{"embeddable":true,"href":"https:\/\/cme.es\/index.php?rest_route=\/wp\/v2\/media\/1697"}],"wp:attachment":[{"href":"https:\/\/cme.es\/index.php?rest_route=%2Fwp%2Fv2%2Fmedia&parent=1696"}],"wp:term":[{"taxonomy":"category","embeddable":true,"href":"https:\/\/cme.es\/index.php?rest_route=%2Fwp%2Fv2%2Fcategories&post=1696"},{"taxonomy":"post_tag","embeddable":true,"href":"https:\/\/cme.es\/index.php?rest_route=%2Fwp%2Fv2%2Ftags&post=1696"}],"curies":[{"name":"wp","href":"https:\/\/api.w.org\/{rel}","templated":true}]}}