{"id":1513,"date":"2021-12-13T21:07:46","date_gmt":"2021-12-13T20:07:46","guid":{"rendered":"https:\/\/cme.es\/?p=1513"},"modified":"2021-12-14T15:42:36","modified_gmt":"2021-12-14T14:42:36","slug":"triduo-de-navidad-2021","status":"publish","type":"post","link":"https:\/\/cme.es\/?p=1513","title":{"rendered":"TRIDUO DE NAVIDAD 2021"},"content":{"rendered":"<p><span style=\"font-size: 14pt;\">Inmersos ya en la recta final del Adviento, y como cada a\u00f1o, hemos organizado el\u00a0<strong>Triduo de Navidad\u00a0<\/strong>para familias y amigos de CME. Unos d\u00edas para preparar encarecidamente la llegada de Jes\u00fas. Se celebrar\u00e1 la Santa Misa en el <strong>Oratorio de CME<\/strong>, con el siguiente horario:\u00a0<\/span><\/p>\n<p><span style=\"font-size: 14pt;\"><strong>-Mi\u00e9rcoles 22 de diciembre y jueves 23, a las 20:15h<\/strong><\/span><\/p>\n<p><span style=\"font-size: 14pt;\"><strong>-S\u00e1bado, 24, Misa del Gallo a las 00:00h. Al terminar resop\u00f3n y villancicos.\u00a0<\/strong><\/span><\/p>\n<p><span style=\"font-size: 14pt;\">Est\u00e1is invitadas todas las familias y amigos de Monta\u00f1ero a participar con nosotros estos d\u00edas. El aforo es limitado, por lo que ser\u00e1 necesario rellenar el formulario de inscripci\u00f3n. P\u00eddelo a los monitores o escr\u00edbenos a <a href=\"mailto:cmegranada@gmail.com\">cmegranada@gmail.com <\/a>\u00a1Os esperamos!<\/span><\/p>\n<p><img fetchpriority=\"high\" decoding=\"async\" class=\"aligncenter size-large wp-image-1521\" src=\"https:\/\/cme.es\/wp-content\/uploads\/2021\/12\/TRIDUO-DE-NAVIDAD-2021-1024x576.png\" alt=\"\" width=\"1024\" height=\"576\" srcset=\"https:\/\/cme.es\/wp-content\/uploads\/2021\/12\/TRIDUO-DE-NAVIDAD-2021-1024x576.png 1024w, https:\/\/cme.es\/wp-content\/uploads\/2021\/12\/TRIDUO-DE-NAVIDAD-2021-300x169.png 300w, https:\/\/cme.es\/wp-content\/uploads\/2021\/12\/TRIDUO-DE-NAVIDAD-2021-768x432.png 768w, https:\/\/cme.es\/wp-content\/uploads\/2021\/12\/TRIDUO-DE-NAVIDAD-2021-400x225.png 400w, https:\/\/cme.es\/wp-content\/uploads\/2021\/12\/TRIDUO-DE-NAVIDAD-2021-1067x600.png 1067w, https:\/\/cme.es\/wp-content\/uploads\/2021\/12\/TRIDUO-DE-NAVIDAD-2021.png 1920w\" sizes=\"(max-width: 1024px) 100vw, 1024px\" \/><\/p>\n<p>&nbsp;<\/p>\n<p>&nbsp;<\/p>\n","protected":false},"excerpt":{"rendered":"<p>Inmersos ya en la recta final del Adviento, y como cada a\u00f1o, hemos organizado el\u00a0Triduo de Navidad\u00a0para familias y amigos de CME. Unos d\u00edas para preparar encarecidamente la llegada de&hellip;<\/p>\n","protected":false},"author":1,"featured_media":1521,"comment_status":"open","ping_status":"open","sticky":false,"template":"","format":"standard","meta":{"_jetpack_newsletter_access":"","_jetpack_dont_email_post_to_subs":false,"_jetpack_newsletter_tier_id":0,"_jetpack_memberships_contains_paywalled_content":false,"_jetpack_memberships_contains_paid_content":false,"footnotes":""},"categories":[5,30,31,7],"tags":[],"class_list":["post-1513","post","type-post","status-publish","format-standard","has-post-thumbnail","hentry","category-club-juvenil","category-familias","category-formacion-cristiana","category-padres"],"jetpack_featured_media_url":"https:\/\/cme.es\/wp-content\/uploads\/2021\/12\/TRIDUO-DE-NAVIDAD-2021.png","jetpack_sharing_enabled":true,"jetpack_shortlink":"https:\/\/wp.me\/p76rMC-op","_links":{"self":[{"href":"https:\/\/cme.es\/index.php?rest_route=\/wp\/v2\/posts\/1513","targetHints":{"allow":["GET"]}}],"collection":[{"href":"https:\/\/cme.es\/index.php?rest_route=\/wp\/v2\/posts"}],"about":[{"href":"https:\/\/cme.es\/index.php?rest_route=\/wp\/v2\/types\/post"}],"author":[{"embeddable":true,"href":"https:\/\/cme.es\/index.php?rest_route=\/wp\/v2\/users\/1"}],"replies":[{"embeddable":true,"href":"https:\/\/cme.es\/index.php?rest_route=%2Fwp%2Fv2%2Fcomments&post=1513"}],"version-history":[{"count":7,"href":"https:\/\/cme.es\/index.php?rest_route=\/wp\/v2\/posts\/1513\/revisions"}],"predecessor-version":[{"id":1523,"href":"https:\/\/cme.es\/index.php?rest_route=\/wp\/v2\/posts\/1513\/revisions\/1523"}],"wp:featuredmedia":[{"embeddable":true,"href":"https:\/\/cme.es\/index.php?rest_route=\/wp\/v2\/media\/1521"}],"wp:attachment":[{"href":"https:\/\/cme.es\/index.php?rest_route=%2Fwp%2Fv2%2Fmedia&parent=1513"}],"wp:term":[{"taxonomy":"category","embeddable":true,"href":"https:\/\/cme.es\/index.php?rest_route=%2Fwp%2Fv2%2Fcategories&post=1513"},{"taxonomy":"post_tag","embeddable":true,"href":"https:\/\/cme.es\/index.php?rest_route=%2Fwp%2Fv2%2Ftags&post=1513"}],"curies":[{"name":"wp","href":"https:\/\/api.w.org\/{rel}","templated":true}]}}